{"id":6043,"date":"2025-03-10T07:54:52","date_gmt":"2025-03-10T07:54:52","guid":{"rendered":"https:\/\/imagebank.staging.mediasignal.dev\/blogg\/ensuring-data-protection-and-privacy-gdpr-in-dam-solution\/"},"modified":"2025-05-21T12:21:22","modified_gmt":"2025-05-21T12:21:22","slug":"sakerstalla-dataskydd-och-integritet-gdpr-i-mediabank","status":"publish","type":"post","link":"https:\/\/imagebank.staging.mediasignal.dev\/sv\/blogg\/sakerstalla-dataskydd-och-integritet-gdpr-i-mediabank\/","title":{"rendered":"S\u00e4kerst\u00e4lla dataskydd och integritet (GDPR) i mediabank"},"content":{"rendered":"\n<p>Dataskydd har blivit en topprioritet &#8211; f\u00f6retag m\u00e5ste vara uppm\u00e4rksamma p\u00e5 efterlevnaden av GDPR (General Data Protection Regulation). Eftersom organisationer i allt h\u00f6gre grad f\u00f6rlitar sig p\u00e5 mediebank (Digital Asset Management) f\u00f6r att lagra, organisera och distribuera digitala tillg\u00e5ngar, \u00e4r det viktigt att se till att din mediebank \u00e4r GDPR-kompatibel.<\/p>\n\n\n\n<h2 class=\"wp-block-heading\"><strong>GDPR och dess konsekvenser f\u00f6r bildbanker<\/strong><\/h2>\n\n\n\n<p>GDPR antogs av Europeiska unionen 2018 och syftar till att skydda enskilda personers personuppgifter och integritet. Den g\u00e4ller f\u00f6r alla organisationer som behandlar personuppgifter om EU-medborgare, oavsett var f\u00f6retaget \u00e4r bel\u00e4get. Att f\u00f6lja GDPR \u00e4r inte bara en juridisk skyldighet, det \u00e4r ett aff\u00e4rsm\u00e4ssigt imperativ.  <\/p>\n\n\n\n<h2 class=\"wp-block-heading\"><strong>Mediebanken hj\u00e4lper f\u00f6retag att uppfylla kraven i GDPR<\/strong><\/h2>\n\n\n\n<p>Mediabank centraliserar alla f\u00f6retagets digitala tillg\u00e5ngar, vilket g\u00f6r dem enklare att sp\u00e5ra och hantera. Moderna DAM-system \u00e4r utrustade med avancerade s\u00e4kerhetsfunktioner som rollbaserade beh\u00f6righeter och regelbundna s\u00e4kerhetsrevisioner. Dessa \u00e5tg\u00e4rder skyddar personuppgifter fr\u00e5n obeh\u00f6rig \u00e5tkomst och cyberhot.<\/p>\n\n\n\n<p>DAM-l\u00f6sningar erbjuder vanligtvis inbyggda verktyg f\u00f6r GDPR-efterlevnad, t.ex. anonymisering av data och ett verktyg f\u00f6r licenshantering. Mediebanker tillhandah\u00e5ller ocks\u00e5 analysverktyg, vilket ger m\u00f6jlighet att f\u00e5 viktiga insikter om hur data anv\u00e4nds. Genom att v\u00e4lja en bildbank som s\u00e4tter dataskydd och efterlevnad i fr\u00e4msta rummet kan du s\u00e4kerst\u00e4lla att dina digitala tillg\u00e5ngar hanteras p\u00e5 ett s\u00e4kert och effektivt s\u00e4tt.<\/p>\n\n\n\n<p><strong>Visste du att ImageBank X tar h\u00e4nsyn till GDPR-kraven genom att bland annat tillhandah\u00e5lla rollspecifik definition av \u00e5tkomstr\u00e4ttigheter och ett verktyg f\u00f6r beh\u00f6righetshantering? Ett s\u00e4kert DAM kommer att skydda din organisation, effektivisera dina processer f\u00f6r tillg\u00e5ngshantering och f\u00f6rb\u00e4ttra ditt rykte p\u00e5 marknaden. <a data-type=\"page\" data-id=\"879\" href=\"https:\/\/imagebank.staging.mediasignal.dev\/sv\/kontakta-oss\/\">Kontakta oss f\u00f6r att f\u00e5 veta mer<\/a><a href=\"https:\/\/imagebank.staging.mediasignal.dev\/sv\/kontakta-oss\/\">!<\/a> <\/strong><\/p>\n\n\n\n<p><\/p>\n","protected":false},"excerpt":{"rendered":"<p>Dataskydd har blivit en topprioritet &#8211; f\u00f6retag m\u00e5ste vara uppm\u00e4rksamma p\u00e5 efterlevnaden av GDPR (General Data Protection Regulation). Eftersom organisationer i allt h\u00f6gre grad f\u00f6rlitar sig p\u00e5 mediebank (Digital Asset Management) f\u00f6r att lagra, organisera och distribuera digitala tillg\u00e5ngar, \u00e4r det viktigt att se till att din mediebank \u00e4r GDPR-kompatibel. GDPR och dess konsekvenser f\u00f6r [&hellip;]<\/p>\n","protected":false},"author":1,"featured_media":6044,"comment_status":"open","ping_status":"open","sticky":false,"template":"","format":"standard","meta":{"_acf_changed":false,"_improvement_type_select":"improve_an_existing","_thumb_yes_seoaic":false,"_frame_yes_seoaic":false,"seoaic_generate_description":"","seoaic_improve_instructions_prompt":"","seoaic_rollback_content_improvement":"","seoaic_idea_thumbnail_generator":"","thumbnail_generated":false,"thumbnail_generate_prompt":"","seoaic_article_description":"","seoaic_article_subtitles":[],"footnotes":""},"categories":[127],"tags":[131],"reference-sizes":[],"reference-industries":[],"class_list":["post-6043","post","type-post","status-publish","format-standard","has-post-thumbnail","hentry","category-blogg","tag-bemastra-dam"],"acf":[],"yoast_head":"<!-- This site is optimized with the Yoast SEO plugin v25.2 - https:\/\/yoast.com\/wordpress\/plugins\/seo\/ -->\n<title>S\u00e4kerst\u00e4lla dataskydd och integritet (GDPR) i mediabank - ImageBank X DAM<\/title>\n<meta name=\"description\" content=\"S\u00e4kerst\u00e4ll efterlevnad av GDPR och dataskydd med en s\u00e4ker mediabank. L\u00e4r dig hur DAM st\u00f6der integritet och \u00e5tkomstkontroll.\" \/>\n<meta name=\"robots\" content=\"index, follow, max-snippet:-1, max-image-preview:large, max-video-preview:-1\" \/>\n<link rel=\"canonical\" href=\"https:\/\/imagebank.staging.mediasignal.dev\/sv\/blogg\/sakerstalla-dataskydd-och-integritet-gdpr-i-mediabank\/\" \/>\n<meta property=\"og:locale\" content=\"sv_SE\" \/>\n<meta property=\"og:type\" content=\"article\" \/>\n<meta property=\"og:title\" content=\"S\u00e4kerst\u00e4lla dataskydd och integritet (GDPR) i mediabank - ImageBank X DAM\" \/>\n<meta property=\"og:description\" content=\"S\u00e4kerst\u00e4ll efterlevnad av GDPR och dataskydd med en s\u00e4ker mediabank. L\u00e4r dig hur DAM st\u00f6der integritet och \u00e5tkomstkontroll.\" \/>\n<meta property=\"og:url\" content=\"https:\/\/imagebank.staging.mediasignal.dev\/sv\/blogg\/sakerstalla-dataskydd-och-integritet-gdpr-i-mediabank\/\" \/>\n<meta property=\"og:site_name\" content=\"ImageBank X DAM\" \/>\n<meta property=\"article:published_time\" content=\"2025-03-10T07:54:52+00:00\" \/>\n<meta property=\"article:modified_time\" content=\"2025-05-21T12:21:22+00:00\" \/>\n<meta property=\"og:image\" content=\"https:\/\/imagebank.staging.mediasignal.dev\/app\/uploads\/2025\/03\/Ensuring_data_protection_and_privacy_GDPR_in_DAM_solution.webp\" \/>\n\t<meta property=\"og:image:width\" content=\"2000\" \/>\n\t<meta property=\"og:image:height\" content=\"1125\" \/>\n\t<meta property=\"og:image:type\" content=\"image\/webp\" \/>\n<meta name=\"author\" content=\"mscadmin\" \/>\n<meta name=\"twitter:card\" content=\"summary_large_image\" \/>\n<meta name=\"twitter:label1\" content=\"Written by\" \/>\n\t<meta name=\"twitter:data1\" content=\"mscadmin\" \/>\n\t<meta name=\"twitter:label2\" content=\"Est. reading time\" \/>\n\t<meta name=\"twitter:data2\" content=\"2 minutes\" \/>\n<script type=\"application\/ld+json\" class=\"yoast-schema-graph\">{\"@context\":\"https:\/\/schema.org\",\"@graph\":[{\"@type\":\"Article\",\"@id\":\"https:\/\/imagebank.staging.mediasignal.dev\/sv\/blogg\/sakerstalla-dataskydd-och-integritet-gdpr-i-mediabank\/#article\",\"isPartOf\":{\"@id\":\"https:\/\/imagebank.staging.mediasignal.dev\/sv\/blogg\/sakerstalla-dataskydd-och-integritet-gdpr-i-mediabank\/\"},\"author\":{\"name\":\"mscadmin\",\"@id\":\"https:\/\/imagebank.staging.mediasignal.dev\/sv\/#\/schema\/person\/5d8b282cb7d90f7206de3f9f6b36de6a\"},\"headline\":\"S\u00e4kerst\u00e4lla dataskydd och integritet (GDPR) i mediabank\",\"datePublished\":\"2025-03-10T07:54:52+00:00\",\"dateModified\":\"2025-05-21T12:21:22+00:00\",\"mainEntityOfPage\":{\"@id\":\"https:\/\/imagebank.staging.mediasignal.dev\/sv\/blogg\/sakerstalla-dataskydd-och-integritet-gdpr-i-mediabank\/\"},\"wordCount\":313,\"commentCount\":0,\"publisher\":{\"@id\":\"https:\/\/imagebank.staging.mediasignal.dev\/sv\/#organization\"},\"image\":{\"@id\":\"https:\/\/imagebank.staging.mediasignal.dev\/sv\/blogg\/sakerstalla-dataskydd-och-integritet-gdpr-i-mediabank\/#primaryimage\"},\"thumbnailUrl\":\"https:\/\/imagebank.staging.mediasignal.dev\/wp-content\/uploads\/2025\/03\/Ensuring_data_protection_and_privacy_GDPR_in_DAM_solution.webp\",\"keywords\":[\"Bem\u00e4stra DAM\"],\"articleSection\":[\"Blogg\"],\"inLanguage\":\"sv-SE\",\"potentialAction\":[{\"@type\":\"CommentAction\",\"name\":\"Comment\",\"target\":[\"https:\/\/imagebank.staging.mediasignal.dev\/sv\/blogg\/sakerstalla-dataskydd-och-integritet-gdpr-i-mediabank\/#respond\"]}]},{\"@type\":\"WebPage\",\"@id\":\"https:\/\/imagebank.staging.mediasignal.dev\/sv\/blogg\/sakerstalla-dataskydd-och-integritet-gdpr-i-mediabank\/\",\"url\":\"https:\/\/imagebank.staging.mediasignal.dev\/sv\/blogg\/sakerstalla-dataskydd-och-integritet-gdpr-i-mediabank\/\",\"name\":\"S\u00e4kerst\u00e4lla dataskydd och integritet (GDPR) i mediabank - ImageBank X DAM\",\"isPartOf\":{\"@id\":\"https:\/\/imagebank.staging.mediasignal.dev\/sv\/#website\"},\"primaryImageOfPage\":{\"@id\":\"https:\/\/imagebank.staging.mediasignal.dev\/sv\/blogg\/sakerstalla-dataskydd-och-integritet-gdpr-i-mediabank\/#primaryimage\"},\"image\":{\"@id\":\"https:\/\/imagebank.staging.mediasignal.dev\/sv\/blogg\/sakerstalla-dataskydd-och-integritet-gdpr-i-mediabank\/#primaryimage\"},\"thumbnailUrl\":\"https:\/\/imagebank.staging.mediasignal.dev\/wp-content\/uploads\/2025\/03\/Ensuring_data_protection_and_privacy_GDPR_in_DAM_solution.webp\",\"datePublished\":\"2025-03-10T07:54:52+00:00\",\"dateModified\":\"2025-05-21T12:21:22+00:00\",\"description\":\"S\u00e4kerst\u00e4ll efterlevnad av GDPR och dataskydd med en s\u00e4ker mediabank. L\u00e4r dig hur DAM st\u00f6der integritet och \u00e5tkomstkontroll.\",\"breadcrumb\":{\"@id\":\"https:\/\/imagebank.staging.mediasignal.dev\/sv\/blogg\/sakerstalla-dataskydd-och-integritet-gdpr-i-mediabank\/#breadcrumb\"},\"inLanguage\":\"sv-SE\",\"potentialAction\":[{\"@type\":\"ReadAction\",\"target\":[\"https:\/\/imagebank.staging.mediasignal.dev\/sv\/blogg\/sakerstalla-dataskydd-och-integritet-gdpr-i-mediabank\/\"]}]},{\"@type\":\"ImageObject\",\"inLanguage\":\"sv-SE\",\"@id\":\"https:\/\/imagebank.staging.mediasignal.dev\/sv\/blogg\/sakerstalla-dataskydd-och-integritet-gdpr-i-mediabank\/#primaryimage\",\"url\":\"https:\/\/imagebank.staging.mediasignal.dev\/wp-content\/uploads\/2025\/03\/Ensuring_data_protection_and_privacy_GDPR_in_DAM_solution.webp\",\"contentUrl\":\"https:\/\/imagebank.staging.mediasignal.dev\/wp-content\/uploads\/2025\/03\/Ensuring_data_protection_and_privacy_GDPR_in_DAM_solution.webp\",\"width\":2000,\"height\":1125,\"caption\":\"Learn how a secure DAM solution like ImageBank X helps ensure GDPR compliance and protects your digital assets.\"},{\"@type\":\"BreadcrumbList\",\"@id\":\"https:\/\/imagebank.staging.mediasignal.dev\/sv\/blogg\/sakerstalla-dataskydd-och-integritet-gdpr-i-mediabank\/#breadcrumb\",\"itemListElement\":[{\"@type\":\"ListItem\",\"position\":1,\"name\":\"Home\",\"item\":\"https:\/\/imagebank.staging.mediasignal.dev\/sv\/\"},{\"@type\":\"ListItem\",\"position\":2,\"name\":\"S\u00e4kerst\u00e4lla dataskydd och integritet (GDPR) i mediabank\"}]},{\"@type\":\"WebSite\",\"@id\":\"https:\/\/imagebank.staging.mediasignal.dev\/sv\/#website\",\"url\":\"https:\/\/imagebank.staging.mediasignal.dev\/sv\/\",\"name\":\"ImageBank X\",\"description\":\"\",\"publisher\":{\"@id\":\"https:\/\/imagebank.staging.mediasignal.dev\/sv\/#organization\"},\"potentialAction\":[{\"@type\":\"SearchAction\",\"target\":{\"@type\":\"EntryPoint\",\"urlTemplate\":\"https:\/\/imagebank.staging.mediasignal.dev\/sv\/?s={search_term_string}\"},\"query-input\":{\"@type\":\"PropertyValueSpecification\",\"valueRequired\":true,\"valueName\":\"search_term_string\"}}],\"inLanguage\":\"sv-SE\"},{\"@type\":\"Organization\",\"@id\":\"https:\/\/imagebank.staging.mediasignal.dev\/sv\/#organization\",\"name\":\"ImageBank X\",\"url\":\"https:\/\/imagebank.staging.mediasignal.dev\/sv\/\",\"logo\":{\"@type\":\"ImageObject\",\"inLanguage\":\"sv-SE\",\"@id\":\"https:\/\/imagebank.staging.mediasignal.dev\/sv\/#\/schema\/logo\/image\/\",\"url\":\"https:\/\/imagebank.staging.mediasignal.dev\/app\/uploads\/2025\/03\/cropped-favicon.png\",\"contentUrl\":\"https:\/\/imagebank.staging.mediasignal.dev\/app\/uploads\/2025\/03\/cropped-favicon.png\",\"width\":512,\"height\":512,\"caption\":\"ImageBank X\"},\"image\":{\"@id\":\"https:\/\/imagebank.staging.mediasignal.dev\/sv\/#\/schema\/logo\/image\/\"},\"sameAs\":[\"https:\/\/linkedin.com\/imagebank-independent\"]},{\"@type\":\"Person\",\"@id\":\"https:\/\/imagebank.staging.mediasignal.dev\/sv\/#\/schema\/person\/5d8b282cb7d90f7206de3f9f6b36de6a\",\"name\":\"mscadmin\",\"image\":{\"@type\":\"ImageObject\",\"inLanguage\":\"sv-SE\",\"@id\":\"https:\/\/imagebank.staging.mediasignal.dev\/sv\/#\/schema\/person\/image\/\",\"url\":\"https:\/\/secure.gravatar.com\/avatar\/deca10238b1a8aad39b527f26cfe4ce4f9a8affad032c8141ae4471de5fc9fab?s=96&d=mm&r=g\",\"contentUrl\":\"https:\/\/secure.gravatar.com\/avatar\/deca10238b1a8aad39b527f26cfe4ce4f9a8affad032c8141ae4471de5fc9fab?s=96&d=mm&r=g\",\"caption\":\"mscadmin\"},\"sameAs\":[\"https:\/\/imagebank.staging.mediasignal.dev\/wp\"],\"url\":\"https:\/\/imagebank.staging.mediasignal.dev\/sv\/author\/mscadmin\/\"}]}<\/script>\n<!-- \/ Yoast SEO plugin. -->","yoast_head_json":{"title":"S\u00e4kerst\u00e4lla dataskydd och integritet (GDPR) i mediabank - ImageBank X DAM","description":"S\u00e4kerst\u00e4ll efterlevnad av GDPR och dataskydd med en s\u00e4ker mediabank. L\u00e4r dig hur DAM st\u00f6der integritet och \u00e5tkomstkontroll.","robots":{"index":"index","follow":"follow","max-snippet":"max-snippet:-1","max-image-preview":"max-image-preview:large","max-video-preview":"max-video-preview:-1"},"canonical":"https:\/\/imagebank.staging.mediasignal.dev\/sv\/blogg\/sakerstalla-dataskydd-och-integritet-gdpr-i-mediabank\/","og_locale":"sv_SE","og_type":"article","og_title":"S\u00e4kerst\u00e4lla dataskydd och integritet (GDPR) i mediabank - ImageBank X DAM","og_description":"S\u00e4kerst\u00e4ll efterlevnad av GDPR och dataskydd med en s\u00e4ker mediabank. L\u00e4r dig hur DAM st\u00f6der integritet och \u00e5tkomstkontroll.","og_url":"https:\/\/imagebank.staging.mediasignal.dev\/sv\/blogg\/sakerstalla-dataskydd-och-integritet-gdpr-i-mediabank\/","og_site_name":"ImageBank X DAM","article_published_time":"2025-03-10T07:54:52+00:00","article_modified_time":"2025-05-21T12:21:22+00:00","og_image":[{"width":2000,"height":1125,"url":"https:\/\/imagebank.staging.mediasignal.dev\/app\/uploads\/2025\/03\/Ensuring_data_protection_and_privacy_GDPR_in_DAM_solution.webp","type":"image\/webp"}],"author":"mscadmin","twitter_card":"summary_large_image","twitter_misc":{"Written by":"mscadmin","Est. reading time":"2 minutes"},"schema":{"@context":"https:\/\/schema.org","@graph":[{"@type":"Article","@id":"https:\/\/imagebank.staging.mediasignal.dev\/sv\/blogg\/sakerstalla-dataskydd-och-integritet-gdpr-i-mediabank\/#article","isPartOf":{"@id":"https:\/\/imagebank.staging.mediasignal.dev\/sv\/blogg\/sakerstalla-dataskydd-och-integritet-gdpr-i-mediabank\/"},"author":{"name":"mscadmin","@id":"https:\/\/imagebank.staging.mediasignal.dev\/sv\/#\/schema\/person\/5d8b282cb7d90f7206de3f9f6b36de6a"},"headline":"S\u00e4kerst\u00e4lla dataskydd och integritet (GDPR) i mediabank","datePublished":"2025-03-10T07:54:52+00:00","dateModified":"2025-05-21T12:21:22+00:00","mainEntityOfPage":{"@id":"https:\/\/imagebank.staging.mediasignal.dev\/sv\/blogg\/sakerstalla-dataskydd-och-integritet-gdpr-i-mediabank\/"},"wordCount":313,"commentCount":0,"publisher":{"@id":"https:\/\/imagebank.staging.mediasignal.dev\/sv\/#organization"},"image":{"@id":"https:\/\/imagebank.staging.mediasignal.dev\/sv\/blogg\/sakerstalla-dataskydd-och-integritet-gdpr-i-mediabank\/#primaryimage"},"thumbnailUrl":"https:\/\/imagebank.staging.mediasignal.dev\/wp-content\/uploads\/2025\/03\/Ensuring_data_protection_and_privacy_GDPR_in_DAM_solution.webp","keywords":["Bem\u00e4stra DAM"],"articleSection":["Blogg"],"inLanguage":"sv-SE","potentialAction":[{"@type":"CommentAction","name":"Comment","target":["https:\/\/imagebank.staging.mediasignal.dev\/sv\/blogg\/sakerstalla-dataskydd-och-integritet-gdpr-i-mediabank\/#respond"]}]},{"@type":"WebPage","@id":"https:\/\/imagebank.staging.mediasignal.dev\/sv\/blogg\/sakerstalla-dataskydd-och-integritet-gdpr-i-mediabank\/","url":"https:\/\/imagebank.staging.mediasignal.dev\/sv\/blogg\/sakerstalla-dataskydd-och-integritet-gdpr-i-mediabank\/","name":"S\u00e4kerst\u00e4lla dataskydd och integritet (GDPR) i mediabank - ImageBank X DAM","isPartOf":{"@id":"https:\/\/imagebank.staging.mediasignal.dev\/sv\/#website"},"primaryImageOfPage":{"@id":"https:\/\/imagebank.staging.mediasignal.dev\/sv\/blogg\/sakerstalla-dataskydd-och-integritet-gdpr-i-mediabank\/#primaryimage"},"image":{"@id":"https:\/\/imagebank.staging.mediasignal.dev\/sv\/blogg\/sakerstalla-dataskydd-och-integritet-gdpr-i-mediabank\/#primaryimage"},"thumbnailUrl":"https:\/\/imagebank.staging.mediasignal.dev\/wp-content\/uploads\/2025\/03\/Ensuring_data_protection_and_privacy_GDPR_in_DAM_solution.webp","datePublished":"2025-03-10T07:54:52+00:00","dateModified":"2025-05-21T12:21:22+00:00","description":"S\u00e4kerst\u00e4ll efterlevnad av GDPR och dataskydd med en s\u00e4ker mediabank. L\u00e4r dig hur DAM st\u00f6der integritet och \u00e5tkomstkontroll.","breadcrumb":{"@id":"https:\/\/imagebank.staging.mediasignal.dev\/sv\/blogg\/sakerstalla-dataskydd-och-integritet-gdpr-i-mediabank\/#breadcrumb"},"inLanguage":"sv-SE","potentialAction":[{"@type":"ReadAction","target":["https:\/\/imagebank.staging.mediasignal.dev\/sv\/blogg\/sakerstalla-dataskydd-och-integritet-gdpr-i-mediabank\/"]}]},{"@type":"ImageObject","inLanguage":"sv-SE","@id":"https:\/\/imagebank.staging.mediasignal.dev\/sv\/blogg\/sakerstalla-dataskydd-och-integritet-gdpr-i-mediabank\/#primaryimage","url":"https:\/\/imagebank.staging.mediasignal.dev\/wp-content\/uploads\/2025\/03\/Ensuring_data_protection_and_privacy_GDPR_in_DAM_solution.webp","contentUrl":"https:\/\/imagebank.staging.mediasignal.dev\/wp-content\/uploads\/2025\/03\/Ensuring_data_protection_and_privacy_GDPR_in_DAM_solution.webp","width":2000,"height":1125,"caption":"Learn how a secure DAM solution like ImageBank X helps ensure GDPR compliance and protects your digital assets."},{"@type":"BreadcrumbList","@id":"https:\/\/imagebank.staging.mediasignal.dev\/sv\/blogg\/sakerstalla-dataskydd-och-integritet-gdpr-i-mediabank\/#breadcrumb","itemListElement":[{"@type":"ListItem","position":1,"name":"Home","item":"https:\/\/imagebank.staging.mediasignal.dev\/sv\/"},{"@type":"ListItem","position":2,"name":"S\u00e4kerst\u00e4lla dataskydd och integritet (GDPR) i mediabank"}]},{"@type":"WebSite","@id":"https:\/\/imagebank.staging.mediasignal.dev\/sv\/#website","url":"https:\/\/imagebank.staging.mediasignal.dev\/sv\/","name":"ImageBank X","description":"","publisher":{"@id":"https:\/\/imagebank.staging.mediasignal.dev\/sv\/#organization"},"potentialAction":[{"@type":"SearchAction","target":{"@type":"EntryPoint","urlTemplate":"https:\/\/imagebank.staging.mediasignal.dev\/sv\/?s={search_term_string}"},"query-input":{"@type":"PropertyValueSpecification","valueRequired":true,"valueName":"search_term_string"}}],"inLanguage":"sv-SE"},{"@type":"Organization","@id":"https:\/\/imagebank.staging.mediasignal.dev\/sv\/#organization","name":"ImageBank X","url":"https:\/\/imagebank.staging.mediasignal.dev\/sv\/","logo":{"@type":"ImageObject","inLanguage":"sv-SE","@id":"https:\/\/imagebank.staging.mediasignal.dev\/sv\/#\/schema\/logo\/image\/","url":"https:\/\/imagebank.staging.mediasignal.dev\/app\/uploads\/2025\/03\/cropped-favicon.png","contentUrl":"https:\/\/imagebank.staging.mediasignal.dev\/app\/uploads\/2025\/03\/cropped-favicon.png","width":512,"height":512,"caption":"ImageBank X"},"image":{"@id":"https:\/\/imagebank.staging.mediasignal.dev\/sv\/#\/schema\/logo\/image\/"},"sameAs":["https:\/\/linkedin.com\/imagebank-independent"]},{"@type":"Person","@id":"https:\/\/imagebank.staging.mediasignal.dev\/sv\/#\/schema\/person\/5d8b282cb7d90f7206de3f9f6b36de6a","name":"mscadmin","image":{"@type":"ImageObject","inLanguage":"sv-SE","@id":"https:\/\/imagebank.staging.mediasignal.dev\/sv\/#\/schema\/person\/image\/","url":"https:\/\/secure.gravatar.com\/avatar\/deca10238b1a8aad39b527f26cfe4ce4f9a8affad032c8141ae4471de5fc9fab?s=96&d=mm&r=g","contentUrl":"https:\/\/secure.gravatar.com\/avatar\/deca10238b1a8aad39b527f26cfe4ce4f9a8affad032c8141ae4471de5fc9fab?s=96&d=mm&r=g","caption":"mscadmin"},"sameAs":["https:\/\/imagebank.staging.mediasignal.dev\/wp"],"url":"https:\/\/imagebank.staging.mediasignal.dev\/sv\/author\/mscadmin\/"}]}},"_links":{"self":[{"href":"https:\/\/imagebank.staging.mediasignal.dev\/sv\/wp-json\/wp\/v2\/posts\/6043","targetHints":{"allow":["GET"]}}],"collection":[{"href":"https:\/\/imagebank.staging.mediasignal.dev\/sv\/wp-json\/wp\/v2\/posts"}],"about":[{"href":"https:\/\/imagebank.staging.mediasignal.dev\/sv\/wp-json\/wp\/v2\/types\/post"}],"author":[{"embeddable":true,"href":"https:\/\/imagebank.staging.mediasignal.dev\/sv\/wp-json\/wp\/v2\/users\/1"}],"replies":[{"embeddable":true,"href":"https:\/\/imagebank.staging.mediasignal.dev\/sv\/wp-json\/wp\/v2\/comments?post=6043"}],"version-history":[{"count":2,"href":"https:\/\/imagebank.staging.mediasignal.dev\/sv\/wp-json\/wp\/v2\/posts\/6043\/revisions"}],"predecessor-version":[{"id":6990,"href":"https:\/\/imagebank.staging.mediasignal.dev\/sv\/wp-json\/wp\/v2\/posts\/6043\/revisions\/6990"}],"wp:featuredmedia":[{"embeddable":true,"href":"https:\/\/imagebank.staging.mediasignal.dev\/sv\/wp-json\/wp\/v2\/media\/6044"}],"wp:attachment":[{"href":"https:\/\/imagebank.staging.mediasignal.dev\/sv\/wp-json\/wp\/v2\/media?parent=6043"}],"wp:term":[{"taxonomy":"category","embeddable":true,"href":"https:\/\/imagebank.staging.mediasignal.dev\/sv\/wp-json\/wp\/v2\/categories?post=6043"},{"taxonomy":"post_tag","embeddable":true,"href":"https:\/\/imagebank.staging.mediasignal.dev\/sv\/wp-json\/wp\/v2\/tags?post=6043"},{"taxonomy":"reference-sizes","embeddable":true,"href":"https:\/\/imagebank.staging.mediasignal.dev\/sv\/wp-json\/wp\/v2\/reference-sizes?post=6043"},{"taxonomy":"reference-industries","embeddable":true,"href":"https:\/\/imagebank.staging.mediasignal.dev\/sv\/wp-json\/wp\/v2\/reference-industries?post=6043"}],"curies":[{"name":"wp","href":"https:\/\/api.w.org\/{rel}","templated":true}]}}