{"id":6009,"date":"2025-03-10T10:09:50","date_gmt":"2025-03-10T10:09:50","guid":{"rendered":"https:\/\/imagebank.staging.mediasignal.dev\/blogg\/city-of-turku\/"},"modified":"2025-08-01T06:07:22","modified_gmt":"2025-08-01T06:07:22","slug":"city-of-turku","status":"publish","type":"post","link":"https:\/\/imagebank.staging.mediasignal.dev\/sv\/referenser\/city-of-turku\/","title":{"rendered":"\u00c5bo stad"},"content":{"rendered":"\n<p>\u00c5bo \u00e4r Finlands \u00e4ldsta stad som \u00e4r full av konst, kultur och mat. Finlands \u00e4ldsta stad \u00c5bo fyller 800 \u00e5r 2029, och det blir ett \u00e5r d\u00e5 stadskulturen firas f\u00f6r alla finl\u00e4ndare. \u00c5bo har redan b\u00f6rjat f\u00f6rbereda sig f\u00f6r jubileet i b\u00f6rjan av 2025 och kommer bland annat att dela med sig av <a data-type=\"link\" data-id=\"https:\/\/mediapankki.turku.fi\/public\/category\/249\" href=\"https:\/\/mediapankki.turku.fi\/public\/category\/249\" target=\"_blank\" rel=\"noreferrer noopener\">jubileumsmaterialet <\/a>p\u00e5 den offentliga DAM.  <\/p>\n\n\n\n<h2 class=\"wp-block-heading\"><strong>Effektiviserad varum\u00e4rkeshantering med hj\u00e4lp av DAM (Digital Asset Management)<\/strong><\/h2>\n\n\n\n<p>\u00c5bo stad har inlett ett samarbete med ImageBankX f\u00f6r att effektivisera och skydda sin varum\u00e4rkeshantering. Genom att utnyttja de kraftfulla funktionerna i ImageBankX DAM-system (Digital Asset Management) s\u00e4kerst\u00e4ller staden en konsekvent, s\u00e4ker och effektiv hantering av sina varum\u00e4rkestillg\u00e5ngar. Den centraliserade plattformen ger \u00c5bo stad full kontroll \u00f6ver sin visuella identitet, vilket m\u00f6jligg\u00f6r s\u00f6ml\u00f6st samarbete, enkel \u00e5tkomst till godk\u00e4nt material och effektiv hantering av tillg\u00e5ngar i alla kommunikationskanaler. \u00c5bo stads varum\u00e4rkesidentitet \u00e4r konsekvent i alla kanaler och team.   <\/p>\n\n\n\n<h2 class=\"wp-block-heading\"><strong>\u00d6ppet DAM f\u00f6r media och partners<\/strong><\/h2>\n\n\n\n<p>\u00c5bo stads bildbank har ocks\u00e5 en offentlig del, som du kan komma \u00e5t&nbsp;<a href=\"https:\/\/mediapankki.turku.fi\/\" target=\"_blank\" rel=\"noreferrer noopener\">h\u00e4r.<\/a> De offentliga bilderna \u00e4r avsedda f\u00f6r \u00c5bo stads marknadsf\u00f6ring, kommunikation, media och annan icke-kommersiell anv\u00e4ndning. <\/p>\n\n\n\n<h2 class=\"wp-block-heading\"><strong>ImageBank X f\u00f6r kommuner och st\u00e4der &#8211; enhetlig varum\u00e4rkesidentitet<\/strong><\/h2>\n\n\n\n<p>Att anv\u00e4nda DAM f\u00f6r kommuner och turistorganisationer belyser dess f\u00f6rdelar n\u00e4r det g\u00e4ller marknadsf\u00f6ring, b\u00e4ttre kommunikation, enkel lagring och distribution av material och s\u00f6ml\u00f6st samarbete inom din organisation. DAM-l\u00f6sningen kommer att effektivisera den dagliga verksamheten i den offentliga sektorn, vilket g\u00f6r samarbete, kommunikation och \u00f6vergripande digital tillg\u00e5ngshantering mycket mer str\u00f6mlinjeformad. Med en centraliserad DAM-l\u00f6sning f\u00f6rblir varum\u00e4rkesidentiteten konsekvent. <a data-type=\"page\" data-id=\"1731\" href=\"https:\/\/imagebank.staging.mediasignal.dev\/imagebank-x-dam-for-government\/\">Ta reda p\u00e5 mer om hur st\u00e4der anv\u00e4nder ImageBank X.<\/a>  <\/p>\n\n\n\n<p><\/p>\n","protected":false},"excerpt":{"rendered":"<p>\u00c5bo stad beh\u00e5ller full kontroll \u00f6ver sin varum\u00e4rkesidentitet med DAM.<\/p>\n","protected":false},"author":1,"featured_media":6011,"comment_status":"open","ping_status":"open","sticky":false,"template":"","format":"standard","meta":{"_acf_changed":false,"_improvement_type_select":"improve_an_existing","_thumb_yes_seoaic":false,"_frame_yes_seoaic":false,"seoaic_generate_description":"","seoaic_improve_instructions_prompt":"","seoaic_rollback_content_improvement":"","seoaic_idea_thumbnail_generator":"","thumbnail_generated":false,"thumbnail_generate_prompt":"","seoaic_article_description":"","seoaic_article_subtitles":[],"footnotes":""},"categories":[132],"tags":[156],"reference-sizes":[153],"reference-industries":[157],"class_list":["post-6009","post","type-post","status-publish","format-standard","has-post-thumbnail","hentry","category-referenser","tag-offentlig-sektor","reference-sizes-stor","reference-industries-offentlig-sektor"],"acf":[],"yoast_head":"<!-- This site is optimized with the Yoast SEO plugin v25.2 - https:\/\/yoast.com\/wordpress\/plugins\/seo\/ -->\n<title>\u00c5bo stad uppr\u00e4tth\u00e5ller sin varum\u00e4rkesidentitet med ImageBank X DAM<\/title>\n<meta name=\"description\" content=\"\u00c5bo stad anv\u00e4nder ImageBank X DAM f\u00f6r att beh\u00e5lla kontrollen \u00f6ver sin varum\u00e4rkesidentitet, s\u00e4kerst\u00e4lla konsekventa bilder och s\u00f6ml\u00f6s delning av tillg\u00e5ngar.\" \/>\n<meta name=\"robots\" content=\"index, follow, max-snippet:-1, max-image-preview:large, max-video-preview:-1\" \/>\n<link rel=\"canonical\" href=\"https:\/\/imagebank.staging.mediasignal.dev\/sv\/referenser\/city-of-turku\/\" \/>\n<meta property=\"og:locale\" content=\"sv_SE\" \/>\n<meta property=\"og:type\" content=\"article\" \/>\n<meta property=\"og:title\" content=\"\u00c5bo stad uppr\u00e4tth\u00e5ller sin varum\u00e4rkesidentitet med ImageBank X DAM\" \/>\n<meta property=\"og:description\" content=\"\u00c5bo stad anv\u00e4nder ImageBank X DAM f\u00f6r att beh\u00e5lla kontrollen \u00f6ver sin varum\u00e4rkesidentitet, s\u00e4kerst\u00e4lla konsekventa bilder och s\u00f6ml\u00f6s delning av tillg\u00e5ngar.\" \/>\n<meta property=\"og:url\" content=\"https:\/\/imagebank.staging.mediasignal.dev\/sv\/referenser\/city-of-turku\/\" \/>\n<meta property=\"og:site_name\" content=\"ImageBank X DAM\" \/>\n<meta property=\"article:published_time\" content=\"2025-03-10T10:09:50+00:00\" \/>\n<meta property=\"article:modified_time\" content=\"2025-08-01T06:07:22+00:00\" \/>\n<meta property=\"og:image\" content=\"https:\/\/imagebank.staging.mediasignal.dev\/app\/uploads\/2025\/03\/Reference-Turku.webp\" \/>\n\t<meta property=\"og:image:width\" content=\"2000\" \/>\n\t<meta property=\"og:image:height\" content=\"1001\" \/>\n\t<meta property=\"og:image:type\" content=\"image\/webp\" \/>\n<meta name=\"author\" content=\"mscadmin\" \/>\n<meta name=\"twitter:card\" content=\"summary_large_image\" \/>\n<meta name=\"twitter:label1\" content=\"Written by\" \/>\n\t<meta name=\"twitter:data1\" content=\"mscadmin\" \/>\n\t<meta name=\"twitter:label2\" content=\"Est. reading time\" \/>\n\t<meta name=\"twitter:data2\" content=\"1 minute\" \/>\n<script type=\"application\/ld+json\" class=\"yoast-schema-graph\">{\"@context\":\"https:\/\/schema.org\",\"@graph\":[{\"@type\":\"Article\",\"@id\":\"https:\/\/imagebank.staging.mediasignal.dev\/sv\/referenser\/city-of-turku\/#article\",\"isPartOf\":{\"@id\":\"https:\/\/imagebank.staging.mediasignal.dev\/sv\/referenser\/city-of-turku\/\"},\"author\":{\"name\":\"mscadmin\",\"@id\":\"https:\/\/imagebank.staging.mediasignal.dev\/sv\/#\/schema\/person\/5d8b282cb7d90f7206de3f9f6b36de6a\"},\"headline\":\"\u00c5bo stad\",\"datePublished\":\"2025-03-10T10:09:50+00:00\",\"dateModified\":\"2025-08-01T06:07:22+00:00\",\"mainEntityOfPage\":{\"@id\":\"https:\/\/imagebank.staging.mediasignal.dev\/sv\/referenser\/city-of-turku\/\"},\"wordCount\":303,\"commentCount\":0,\"publisher\":{\"@id\":\"https:\/\/imagebank.staging.mediasignal.dev\/sv\/#organization\"},\"image\":{\"@id\":\"https:\/\/imagebank.staging.mediasignal.dev\/sv\/referenser\/city-of-turku\/#primaryimage\"},\"thumbnailUrl\":\"https:\/\/imagebank.staging.mediasignal.dev\/wp-content\/uploads\/2025\/03\/Reference-Turku.webp\",\"keywords\":[\"Offentlig sektor\"],\"articleSection\":[\"Referenser\"],\"inLanguage\":\"sv-SE\",\"potentialAction\":[{\"@type\":\"CommentAction\",\"name\":\"Comment\",\"target\":[\"https:\/\/imagebank.staging.mediasignal.dev\/sv\/referenser\/city-of-turku\/#respond\"]}]},{\"@type\":\"WebPage\",\"@id\":\"https:\/\/imagebank.staging.mediasignal.dev\/sv\/referenser\/city-of-turku\/\",\"url\":\"https:\/\/imagebank.staging.mediasignal.dev\/sv\/referenser\/city-of-turku\/\",\"name\":\"\u00c5bo stad uppr\u00e4tth\u00e5ller sin varum\u00e4rkesidentitet med ImageBank X DAM\",\"isPartOf\":{\"@id\":\"https:\/\/imagebank.staging.mediasignal.dev\/sv\/#website\"},\"primaryImageOfPage\":{\"@id\":\"https:\/\/imagebank.staging.mediasignal.dev\/sv\/referenser\/city-of-turku\/#primaryimage\"},\"image\":{\"@id\":\"https:\/\/imagebank.staging.mediasignal.dev\/sv\/referenser\/city-of-turku\/#primaryimage\"},\"thumbnailUrl\":\"https:\/\/imagebank.staging.mediasignal.dev\/wp-content\/uploads\/2025\/03\/Reference-Turku.webp\",\"datePublished\":\"2025-03-10T10:09:50+00:00\",\"dateModified\":\"2025-08-01T06:07:22+00:00\",\"description\":\"\u00c5bo stad anv\u00e4nder ImageBank X DAM f\u00f6r att beh\u00e5lla kontrollen \u00f6ver sin varum\u00e4rkesidentitet, s\u00e4kerst\u00e4lla konsekventa bilder och s\u00f6ml\u00f6s delning av tillg\u00e5ngar.\",\"breadcrumb\":{\"@id\":\"https:\/\/imagebank.staging.mediasignal.dev\/sv\/referenser\/city-of-turku\/#breadcrumb\"},\"inLanguage\":\"sv-SE\",\"potentialAction\":[{\"@type\":\"ReadAction\",\"target\":[\"https:\/\/imagebank.staging.mediasignal.dev\/sv\/referenser\/city-of-turku\/\"]}]},{\"@type\":\"ImageObject\",\"inLanguage\":\"sv-SE\",\"@id\":\"https:\/\/imagebank.staging.mediasignal.dev\/sv\/referenser\/city-of-turku\/#primaryimage\",\"url\":\"https:\/\/imagebank.staging.mediasignal.dev\/wp-content\/uploads\/2025\/03\/Reference-Turku.webp\",\"contentUrl\":\"https:\/\/imagebank.staging.mediasignal.dev\/wp-content\/uploads\/2025\/03\/Reference-Turku.webp\",\"width\":2000,\"height\":1001,\"caption\":\"ImageBank X helps the City of Turku maintain a consistent brand identity across all marketing and communication materials.\"},{\"@type\":\"BreadcrumbList\",\"@id\":\"https:\/\/imagebank.staging.mediasignal.dev\/sv\/referenser\/city-of-turku\/#breadcrumb\",\"itemListElement\":[{\"@type\":\"ListItem\",\"position\":1,\"name\":\"Home\",\"item\":\"https:\/\/imagebank.staging.mediasignal.dev\/sv\/\"},{\"@type\":\"ListItem\",\"position\":2,\"name\":\"\u00c5bo stad\"}]},{\"@type\":\"WebSite\",\"@id\":\"https:\/\/imagebank.staging.mediasignal.dev\/sv\/#website\",\"url\":\"https:\/\/imagebank.staging.mediasignal.dev\/sv\/\",\"name\":\"ImageBank X\",\"description\":\"\",\"publisher\":{\"@id\":\"https:\/\/imagebank.staging.mediasignal.dev\/sv\/#organization\"},\"potentialAction\":[{\"@type\":\"SearchAction\",\"target\":{\"@type\":\"EntryPoint\",\"urlTemplate\":\"https:\/\/imagebank.staging.mediasignal.dev\/sv\/?s={search_term_string}\"},\"query-input\":{\"@type\":\"PropertyValueSpecification\",\"valueRequired\":true,\"valueName\":\"search_term_string\"}}],\"inLanguage\":\"sv-SE\"},{\"@type\":\"Organization\",\"@id\":\"https:\/\/imagebank.staging.mediasignal.dev\/sv\/#organization\",\"name\":\"ImageBank X\",\"url\":\"https:\/\/imagebank.staging.mediasignal.dev\/sv\/\",\"logo\":{\"@type\":\"ImageObject\",\"inLanguage\":\"sv-SE\",\"@id\":\"https:\/\/imagebank.staging.mediasignal.dev\/sv\/#\/schema\/logo\/image\/\",\"url\":\"https:\/\/imagebank.staging.mediasignal.dev\/app\/uploads\/2025\/03\/cropped-favicon.png\",\"contentUrl\":\"https:\/\/imagebank.staging.mediasignal.dev\/app\/uploads\/2025\/03\/cropped-favicon.png\",\"width\":512,\"height\":512,\"caption\":\"ImageBank X\"},\"image\":{\"@id\":\"https:\/\/imagebank.staging.mediasignal.dev\/sv\/#\/schema\/logo\/image\/\"},\"sameAs\":[\"https:\/\/linkedin.com\/imagebank-independent\"]},{\"@type\":\"Person\",\"@id\":\"https:\/\/imagebank.staging.mediasignal.dev\/sv\/#\/schema\/person\/5d8b282cb7d90f7206de3f9f6b36de6a\",\"name\":\"mscadmin\",\"image\":{\"@type\":\"ImageObject\",\"inLanguage\":\"sv-SE\",\"@id\":\"https:\/\/imagebank.staging.mediasignal.dev\/sv\/#\/schema\/person\/image\/\",\"url\":\"https:\/\/secure.gravatar.com\/avatar\/deca10238b1a8aad39b527f26cfe4ce4f9a8affad032c8141ae4471de5fc9fab?s=96&d=mm&r=g\",\"contentUrl\":\"https:\/\/secure.gravatar.com\/avatar\/deca10238b1a8aad39b527f26cfe4ce4f9a8affad032c8141ae4471de5fc9fab?s=96&d=mm&r=g\",\"caption\":\"mscadmin\"},\"sameAs\":[\"https:\/\/imagebank.staging.mediasignal.dev\/wp\"],\"url\":\"https:\/\/imagebank.staging.mediasignal.dev\/sv\/author\/mscadmin\/\"}]}<\/script>\n<!-- \/ Yoast SEO plugin. -->","yoast_head_json":{"title":"\u00c5bo stad uppr\u00e4tth\u00e5ller sin varum\u00e4rkesidentitet med ImageBank X DAM","description":"\u00c5bo stad anv\u00e4nder ImageBank X DAM f\u00f6r att beh\u00e5lla kontrollen \u00f6ver sin varum\u00e4rkesidentitet, s\u00e4kerst\u00e4lla konsekventa bilder och s\u00f6ml\u00f6s delning av tillg\u00e5ngar.","robots":{"index":"index","follow":"follow","max-snippet":"max-snippet:-1","max-image-preview":"max-image-preview:large","max-video-preview":"max-video-preview:-1"},"canonical":"https:\/\/imagebank.staging.mediasignal.dev\/sv\/referenser\/city-of-turku\/","og_locale":"sv_SE","og_type":"article","og_title":"\u00c5bo stad uppr\u00e4tth\u00e5ller sin varum\u00e4rkesidentitet med ImageBank X DAM","og_description":"\u00c5bo stad anv\u00e4nder ImageBank X DAM f\u00f6r att beh\u00e5lla kontrollen \u00f6ver sin varum\u00e4rkesidentitet, s\u00e4kerst\u00e4lla konsekventa bilder och s\u00f6ml\u00f6s delning av tillg\u00e5ngar.","og_url":"https:\/\/imagebank.staging.mediasignal.dev\/sv\/referenser\/city-of-turku\/","og_site_name":"ImageBank X DAM","article_published_time":"2025-03-10T10:09:50+00:00","article_modified_time":"2025-08-01T06:07:22+00:00","og_image":[{"width":2000,"height":1001,"url":"https:\/\/imagebank.staging.mediasignal.dev\/app\/uploads\/2025\/03\/Reference-Turku.webp","type":"image\/webp"}],"author":"mscadmin","twitter_card":"summary_large_image","twitter_misc":{"Written by":"mscadmin","Est. reading time":"1 minute"},"schema":{"@context":"https:\/\/schema.org","@graph":[{"@type":"Article","@id":"https:\/\/imagebank.staging.mediasignal.dev\/sv\/referenser\/city-of-turku\/#article","isPartOf":{"@id":"https:\/\/imagebank.staging.mediasignal.dev\/sv\/referenser\/city-of-turku\/"},"author":{"name":"mscadmin","@id":"https:\/\/imagebank.staging.mediasignal.dev\/sv\/#\/schema\/person\/5d8b282cb7d90f7206de3f9f6b36de6a"},"headline":"\u00c5bo stad","datePublished":"2025-03-10T10:09:50+00:00","dateModified":"2025-08-01T06:07:22+00:00","mainEntityOfPage":{"@id":"https:\/\/imagebank.staging.mediasignal.dev\/sv\/referenser\/city-of-turku\/"},"wordCount":303,"commentCount":0,"publisher":{"@id":"https:\/\/imagebank.staging.mediasignal.dev\/sv\/#organization"},"image":{"@id":"https:\/\/imagebank.staging.mediasignal.dev\/sv\/referenser\/city-of-turku\/#primaryimage"},"thumbnailUrl":"https:\/\/imagebank.staging.mediasignal.dev\/wp-content\/uploads\/2025\/03\/Reference-Turku.webp","keywords":["Offentlig sektor"],"articleSection":["Referenser"],"inLanguage":"sv-SE","potentialAction":[{"@type":"CommentAction","name":"Comment","target":["https:\/\/imagebank.staging.mediasignal.dev\/sv\/referenser\/city-of-turku\/#respond"]}]},{"@type":"WebPage","@id":"https:\/\/imagebank.staging.mediasignal.dev\/sv\/referenser\/city-of-turku\/","url":"https:\/\/imagebank.staging.mediasignal.dev\/sv\/referenser\/city-of-turku\/","name":"\u00c5bo stad uppr\u00e4tth\u00e5ller sin varum\u00e4rkesidentitet med ImageBank X DAM","isPartOf":{"@id":"https:\/\/imagebank.staging.mediasignal.dev\/sv\/#website"},"primaryImageOfPage":{"@id":"https:\/\/imagebank.staging.mediasignal.dev\/sv\/referenser\/city-of-turku\/#primaryimage"},"image":{"@id":"https:\/\/imagebank.staging.mediasignal.dev\/sv\/referenser\/city-of-turku\/#primaryimage"},"thumbnailUrl":"https:\/\/imagebank.staging.mediasignal.dev\/wp-content\/uploads\/2025\/03\/Reference-Turku.webp","datePublished":"2025-03-10T10:09:50+00:00","dateModified":"2025-08-01T06:07:22+00:00","description":"\u00c5bo stad anv\u00e4nder ImageBank X DAM f\u00f6r att beh\u00e5lla kontrollen \u00f6ver sin varum\u00e4rkesidentitet, s\u00e4kerst\u00e4lla konsekventa bilder och s\u00f6ml\u00f6s delning av tillg\u00e5ngar.","breadcrumb":{"@id":"https:\/\/imagebank.staging.mediasignal.dev\/sv\/referenser\/city-of-turku\/#breadcrumb"},"inLanguage":"sv-SE","potentialAction":[{"@type":"ReadAction","target":["https:\/\/imagebank.staging.mediasignal.dev\/sv\/referenser\/city-of-turku\/"]}]},{"@type":"ImageObject","inLanguage":"sv-SE","@id":"https:\/\/imagebank.staging.mediasignal.dev\/sv\/referenser\/city-of-turku\/#primaryimage","url":"https:\/\/imagebank.staging.mediasignal.dev\/wp-content\/uploads\/2025\/03\/Reference-Turku.webp","contentUrl":"https:\/\/imagebank.staging.mediasignal.dev\/wp-content\/uploads\/2025\/03\/Reference-Turku.webp","width":2000,"height":1001,"caption":"ImageBank X helps the City of Turku maintain a consistent brand identity across all marketing and communication materials."},{"@type":"BreadcrumbList","@id":"https:\/\/imagebank.staging.mediasignal.dev\/sv\/referenser\/city-of-turku\/#breadcrumb","itemListElement":[{"@type":"ListItem","position":1,"name":"Home","item":"https:\/\/imagebank.staging.mediasignal.dev\/sv\/"},{"@type":"ListItem","position":2,"name":"\u00c5bo stad"}]},{"@type":"WebSite","@id":"https:\/\/imagebank.staging.mediasignal.dev\/sv\/#website","url":"https:\/\/imagebank.staging.mediasignal.dev\/sv\/","name":"ImageBank X","description":"","publisher":{"@id":"https:\/\/imagebank.staging.mediasignal.dev\/sv\/#organization"},"potentialAction":[{"@type":"SearchAction","target":{"@type":"EntryPoint","urlTemplate":"https:\/\/imagebank.staging.mediasignal.dev\/sv\/?s={search_term_string}"},"query-input":{"@type":"PropertyValueSpecification","valueRequired":true,"valueName":"search_term_string"}}],"inLanguage":"sv-SE"},{"@type":"Organization","@id":"https:\/\/imagebank.staging.mediasignal.dev\/sv\/#organization","name":"ImageBank X","url":"https:\/\/imagebank.staging.mediasignal.dev\/sv\/","logo":{"@type":"ImageObject","inLanguage":"sv-SE","@id":"https:\/\/imagebank.staging.mediasignal.dev\/sv\/#\/schema\/logo\/image\/","url":"https:\/\/imagebank.staging.mediasignal.dev\/app\/uploads\/2025\/03\/cropped-favicon.png","contentUrl":"https:\/\/imagebank.staging.mediasignal.dev\/app\/uploads\/2025\/03\/cropped-favicon.png","width":512,"height":512,"caption":"ImageBank X"},"image":{"@id":"https:\/\/imagebank.staging.mediasignal.dev\/sv\/#\/schema\/logo\/image\/"},"sameAs":["https:\/\/linkedin.com\/imagebank-independent"]},{"@type":"Person","@id":"https:\/\/imagebank.staging.mediasignal.dev\/sv\/#\/schema\/person\/5d8b282cb7d90f7206de3f9f6b36de6a","name":"mscadmin","image":{"@type":"ImageObject","inLanguage":"sv-SE","@id":"https:\/\/imagebank.staging.mediasignal.dev\/sv\/#\/schema\/person\/image\/","url":"https:\/\/secure.gravatar.com\/avatar\/deca10238b1a8aad39b527f26cfe4ce4f9a8affad032c8141ae4471de5fc9fab?s=96&d=mm&r=g","contentUrl":"https:\/\/secure.gravatar.com\/avatar\/deca10238b1a8aad39b527f26cfe4ce4f9a8affad032c8141ae4471de5fc9fab?s=96&d=mm&r=g","caption":"mscadmin"},"sameAs":["https:\/\/imagebank.staging.mediasignal.dev\/wp"],"url":"https:\/\/imagebank.staging.mediasignal.dev\/sv\/author\/mscadmin\/"}]}},"_links":{"self":[{"href":"https:\/\/imagebank.staging.mediasignal.dev\/sv\/wp-json\/wp\/v2\/posts\/6009","targetHints":{"allow":["GET"]}}],"collection":[{"href":"https:\/\/imagebank.staging.mediasignal.dev\/sv\/wp-json\/wp\/v2\/posts"}],"about":[{"href":"https:\/\/imagebank.staging.mediasignal.dev\/sv\/wp-json\/wp\/v2\/types\/post"}],"author":[{"embeddable":true,"href":"https:\/\/imagebank.staging.mediasignal.dev\/sv\/wp-json\/wp\/v2\/users\/1"}],"replies":[{"embeddable":true,"href":"https:\/\/imagebank.staging.mediasignal.dev\/sv\/wp-json\/wp\/v2\/comments?post=6009"}],"version-history":[{"count":3,"href":"https:\/\/imagebank.staging.mediasignal.dev\/sv\/wp-json\/wp\/v2\/posts\/6009\/revisions"}],"predecessor-version":[{"id":9020,"href":"https:\/\/imagebank.staging.mediasignal.dev\/sv\/wp-json\/wp\/v2\/posts\/6009\/revisions\/9020"}],"wp:featuredmedia":[{"embeddable":true,"href":"https:\/\/imagebank.staging.mediasignal.dev\/sv\/wp-json\/wp\/v2\/media\/6011"}],"wp:attachment":[{"href":"https:\/\/imagebank.staging.mediasignal.dev\/sv\/wp-json\/wp\/v2\/media?parent=6009"}],"wp:term":[{"taxonomy":"category","embeddable":true,"href":"https:\/\/imagebank.staging.mediasignal.dev\/sv\/wp-json\/wp\/v2\/categories?post=6009"},{"taxonomy":"post_tag","embeddable":true,"href":"https:\/\/imagebank.staging.mediasignal.dev\/sv\/wp-json\/wp\/v2\/tags?post=6009"},{"taxonomy":"reference-sizes","embeddable":true,"href":"https:\/\/imagebank.staging.mediasignal.dev\/sv\/wp-json\/wp\/v2\/reference-sizes?post=6009"},{"taxonomy":"reference-industries","embeddable":true,"href":"https:\/\/imagebank.staging.mediasignal.dev\/sv\/wp-json\/wp\/v2\/reference-industries?post=6009"}],"curies":[{"name":"wp","href":"https:\/\/api.w.org\/{rel}","templated":true}]}}