{"id":8144,"date":"2025-06-12T08:12:03","date_gmt":"2025-06-12T08:12:03","guid":{"rendered":"https:\/\/imagebank.staging.mediasignal.dev\/?p=8144"},"modified":"2025-08-13T10:41:41","modified_gmt":"2025-08-13T10:41:41","slug":"metsastajaliitto","status":"publish","type":"post","link":"https:\/\/imagebank.staging.mediasignal.dev\/fi\/referenssit\/metsastajaliitto\/","title":{"rendered":"Mets\u00e4st\u00e4j\u00e4liitto kokoaa yhteen mets\u00e4st\u00e4j\u00e4t ja vaalii kest\u00e4v\u00e4\u00e4 suomalaista er\u00e4kulttuuria"},"content":{"rendered":"\n<p>Mets\u00e4st\u00e4j\u00e4liitto on suomalaisen er\u00e4kulttuurin edist\u00e4j\u00e4, joka tarjoaa kodin kaikille mets\u00e4st\u00e4jille sek\u00e4 mets\u00e4styksest\u00e4 kiinnostuneille. Liiton teht\u00e4v\u00e4n\u00e4 on vaalia perinteist\u00e4 mets\u00e4stysharrastusta ja sopeuttaa se nykyaikaan luontaisena osana yhteiskuntaa, edist\u00e4\u00e4 kest\u00e4v\u00e4\u00e4 mets\u00e4styst\u00e4 ja riistanhoitoa sek\u00e4 kouluttaa vastuullisia ja osaavia mets\u00e4st\u00e4ji\u00e4. Mets\u00e4st\u00e4j\u00e4liitto tukee mets\u00e4stysseurojen toimintaedellytyksi\u00e4, nostaa esiin mets\u00e4styksen hyvinvointivaikutuksia ja vahvistaa mets\u00e4styksen asemaa osana suomalaista arkea ja luonnon monimuotoisuuden turvaamista.<\/p>\n\n\n\n<h2 class=\"wp-block-heading\"><strong>Mets\u00e4st\u00e4j\u00e4liitto k\u00e4ytt\u00e4\u00e4 ImageBank X -mediapankkia<\/strong><\/h2>\n\n\n\n<p>ImageBank X helpottaa Mets\u00e4st\u00e4j\u00e4liiton digitaalista aineistonhallintaa. ImageBankin avulla ajantasaiset materiaalit, kuten valokuvat, videot, logot ja muut visuaaliset materiaalit, joita tarvitaan liiton omissa julkaisuissa, koulutusmateriaaleissa, esitteiss\u00e4 ja verkkosivuilla, l\u00f6ytyv\u00e4t nyt yhdest\u00e4 keskitetyst\u00e4 paikasta. Mediapankki tekee my\u00f6s n\u00e4iden aineistojen jakamisesta erityisen helppoa. Mets\u00e4st\u00e4j\u00e4liitolla on mediapankissaan my\u00f6s <a href=\"https:\/\/metsastajaliitto.imagebank.fi\/login\">julkinen osio<\/a>, joka tarjoaa julkista materiaalia medialle ja kumppaneille.<\/p>\n","protected":false},"excerpt":{"rendered":"<p>Mediapankki tukemaan Mets\u00e4st\u00e4j\u00e4liiton viestint\u00e4\u00e4 ja vahvistamaan n\u00e4kyvyytt\u00e4<\/p>\n","protected":false},"author":1,"featured_media":9023,"comment_status":"open","ping_status":"open","sticky":false,"template":"","format":"standard","meta":{"_acf_changed":false,"_improvement_type_select":"improve_an_existing","_thumb_yes_seoaic":false,"_frame_yes_seoaic":false,"seoaic_generate_description":"","seoaic_improve_instructions_prompt":"","seoaic_rollback_content_improvement":"","seoaic_idea_thumbnail_generator":"","thumbnail_generated":false,"thumbnail_generate_prompt":"","seoaic_article_description":"","seoaic_article_subtitles":[],"footnotes":""},"categories":[10],"tags":[114],"reference-sizes":[84],"reference-industries":[102],"class_list":["post-8144","post","type-post","status-publish","format-standard","has-post-thumbnail","hentry","category-referenssit","tag-yhdistykset-jarjestot","reference-sizes-pieni","reference-industries-yhdistykset-ja-jarjestot"],"acf":[],"yoast_head":"<!-- This site is optimized with the Yoast SEO plugin v25.2 - https:\/\/yoast.com\/wordpress\/plugins\/seo\/ -->\n<title>Mets\u00e4st\u00e4j\u00e4liitto - ImageBank X DAM<\/title>\n<meta name=\"description\" content=\"ImageBank X -mediapankki tukee Mets\u00e4st\u00e4j\u00e4liiton viestint\u00e4\u00e4 ja vahvistaa sen n\u00e4kyvyytt\u00e4. Kaikki materiaalit keskitetysti yhdess\u00e4 paikassa.\" \/>\n<meta name=\"robots\" content=\"index, follow, max-snippet:-1, max-image-preview:large, max-video-preview:-1\" \/>\n<link rel=\"canonical\" href=\"https:\/\/imagebank.staging.mediasignal.dev\/fi\/referenssit\/metsastajaliitto\/\" \/>\n<meta property=\"og:locale\" content=\"fi_FI\" \/>\n<meta property=\"og:type\" content=\"article\" \/>\n<meta property=\"og:title\" content=\"Mets\u00e4st\u00e4j\u00e4liitto - ImageBank X DAM\" \/>\n<meta property=\"og:description\" content=\"ImageBank X -mediapankki tukee Mets\u00e4st\u00e4j\u00e4liiton viestint\u00e4\u00e4 ja vahvistaa sen n\u00e4kyvyytt\u00e4. Kaikki materiaalit keskitetysti yhdess\u00e4 paikassa.\" \/>\n<meta property=\"og:url\" content=\"https:\/\/imagebank.staging.mediasignal.dev\/fi\/referenssit\/metsastajaliitto\/\" \/>\n<meta property=\"og:site_name\" content=\"ImageBank X DAM\" \/>\n<meta property=\"article:published_time\" content=\"2025-06-12T08:12:03+00:00\" \/>\n<meta property=\"article:modified_time\" content=\"2025-08-13T10:41:41+00:00\" \/>\n<meta property=\"og:image\" content=\"https:\/\/imagebank.staging.mediasignal.dev\/app\/uploads\/2025\/06\/Metsastajaliitto-scaled.jpg\" \/>\n\t<meta property=\"og:image:width\" content=\"2560\" \/>\n\t<meta property=\"og:image:height\" content=\"1707\" \/>\n\t<meta property=\"og:image:type\" content=\"image\/jpeg\" \/>\n<meta name=\"author\" content=\"mscadmin\" \/>\n<meta name=\"twitter:card\" content=\"summary_large_image\" \/>\n<meta name=\"twitter:label1\" content=\"Written by\" \/>\n\t<meta name=\"twitter:data1\" content=\"mscadmin\" \/>\n\t<meta name=\"twitter:label2\" content=\"Est. reading time\" \/>\n\t<meta name=\"twitter:data2\" content=\"1 minute\" \/>\n<script type=\"application\/ld+json\" class=\"yoast-schema-graph\">{\"@context\":\"https:\/\/schema.org\",\"@graph\":[{\"@type\":\"Article\",\"@id\":\"https:\/\/imagebank.staging.mediasignal.dev\/fi\/referenssit\/metsastajaliitto\/#article\",\"isPartOf\":{\"@id\":\"https:\/\/imagebank.staging.mediasignal.dev\/fi\/referenssit\/metsastajaliitto\/\"},\"author\":{\"name\":\"mscadmin\",\"@id\":\"https:\/\/imagebank.staging.mediasignal.dev\/fi\/#\/schema\/person\/5d8b282cb7d90f7206de3f9f6b36de6a\"},\"headline\":\"Mets\u00e4st\u00e4j\u00e4liitto kokoaa yhteen mets\u00e4st\u00e4j\u00e4t ja vaalii kest\u00e4v\u00e4\u00e4 suomalaista er\u00e4kulttuuria\",\"datePublished\":\"2025-06-12T08:12:03+00:00\",\"dateModified\":\"2025-08-13T10:41:41+00:00\",\"mainEntityOfPage\":{\"@id\":\"https:\/\/imagebank.staging.mediasignal.dev\/fi\/referenssit\/metsastajaliitto\/\"},\"wordCount\":167,\"commentCount\":0,\"publisher\":{\"@id\":\"https:\/\/imagebank.staging.mediasignal.dev\/fi\/#organization\"},\"image\":{\"@id\":\"https:\/\/imagebank.staging.mediasignal.dev\/fi\/referenssit\/metsastajaliitto\/#primaryimage\"},\"thumbnailUrl\":\"https:\/\/imagebank.staging.mediasignal.dev\/wp-content\/uploads\/2025\/06\/Metsastajaliitto-scaled.jpg\",\"keywords\":[\"Yhdistykset &amp; j\u00e4rjest\u00f6t\"],\"articleSection\":[\"Referenssit\"],\"inLanguage\":\"fi\",\"potentialAction\":[{\"@type\":\"CommentAction\",\"name\":\"Comment\",\"target\":[\"https:\/\/imagebank.staging.mediasignal.dev\/fi\/referenssit\/metsastajaliitto\/#respond\"]}]},{\"@type\":\"WebPage\",\"@id\":\"https:\/\/imagebank.staging.mediasignal.dev\/fi\/referenssit\/metsastajaliitto\/\",\"url\":\"https:\/\/imagebank.staging.mediasignal.dev\/fi\/referenssit\/metsastajaliitto\/\",\"name\":\"Mets\u00e4st\u00e4j\u00e4liitto - ImageBank X DAM\",\"isPartOf\":{\"@id\":\"https:\/\/imagebank.staging.mediasignal.dev\/fi\/#website\"},\"primaryImageOfPage\":{\"@id\":\"https:\/\/imagebank.staging.mediasignal.dev\/fi\/referenssit\/metsastajaliitto\/#primaryimage\"},\"image\":{\"@id\":\"https:\/\/imagebank.staging.mediasignal.dev\/fi\/referenssit\/metsastajaliitto\/#primaryimage\"},\"thumbnailUrl\":\"https:\/\/imagebank.staging.mediasignal.dev\/wp-content\/uploads\/2025\/06\/Metsastajaliitto-scaled.jpg\",\"datePublished\":\"2025-06-12T08:12:03+00:00\",\"dateModified\":\"2025-08-13T10:41:41+00:00\",\"description\":\"ImageBank X -mediapankki tukee Mets\u00e4st\u00e4j\u00e4liiton viestint\u00e4\u00e4 ja vahvistaa sen n\u00e4kyvyytt\u00e4. Kaikki materiaalit keskitetysti yhdess\u00e4 paikassa.\",\"breadcrumb\":{\"@id\":\"https:\/\/imagebank.staging.mediasignal.dev\/fi\/referenssit\/metsastajaliitto\/#breadcrumb\"},\"inLanguage\":\"fi\",\"potentialAction\":[{\"@type\":\"ReadAction\",\"target\":[\"https:\/\/imagebank.staging.mediasignal.dev\/fi\/referenssit\/metsastajaliitto\/\"]}]},{\"@type\":\"ImageObject\",\"inLanguage\":\"fi\",\"@id\":\"https:\/\/imagebank.staging.mediasignal.dev\/fi\/referenssit\/metsastajaliitto\/#primaryimage\",\"url\":\"https:\/\/imagebank.staging.mediasignal.dev\/wp-content\/uploads\/2025\/06\/Metsastajaliitto-scaled.jpg\",\"contentUrl\":\"https:\/\/imagebank.staging.mediasignal.dev\/wp-content\/uploads\/2025\/06\/Metsastajaliitto-scaled.jpg\",\"width\":2560,\"height\":1707,\"caption\":\"Mets\u00e4st\u00e4ji\u00e4 nuotiolla. Mets\u00e4st\u00e4j\u00e4liiton talvimaisemassa otettuja br\u00e4ndikuvia, kuvissa esiintyv\u00e4t Antti Saarenmaa (parrakas mies), Ismo von Behr (vanhempi mies), Satu Koivulammi (keski-ik\u00e4inen nainen), Laura Helminen (nuori nainen) ja Voitto H\u00e4kkinen (nuori parraton mies).\"},{\"@type\":\"BreadcrumbList\",\"@id\":\"https:\/\/imagebank.staging.mediasignal.dev\/fi\/referenssit\/metsastajaliitto\/#breadcrumb\",\"itemListElement\":[{\"@type\":\"ListItem\",\"position\":1,\"name\":\"Home\",\"item\":\"https:\/\/imagebank.staging.mediasignal.dev\/fi\/\"},{\"@type\":\"ListItem\",\"position\":2,\"name\":\"Mets\u00e4st\u00e4j\u00e4liitto kokoaa yhteen mets\u00e4st\u00e4j\u00e4t ja vaalii kest\u00e4v\u00e4\u00e4 suomalaista er\u00e4kulttuuria\"}]},{\"@type\":\"WebSite\",\"@id\":\"https:\/\/imagebank.staging.mediasignal.dev\/fi\/#website\",\"url\":\"https:\/\/imagebank.staging.mediasignal.dev\/fi\/\",\"name\":\"ImageBank X\",\"description\":\"\",\"publisher\":{\"@id\":\"https:\/\/imagebank.staging.mediasignal.dev\/fi\/#organization\"},\"potentialAction\":[{\"@type\":\"SearchAction\",\"target\":{\"@type\":\"EntryPoint\",\"urlTemplate\":\"https:\/\/imagebank.staging.mediasignal.dev\/fi\/?s={search_term_string}\"},\"query-input\":{\"@type\":\"PropertyValueSpecification\",\"valueRequired\":true,\"valueName\":\"search_term_string\"}}],\"inLanguage\":\"fi\"},{\"@type\":\"Organization\",\"@id\":\"https:\/\/imagebank.staging.mediasignal.dev\/fi\/#organization\",\"name\":\"ImageBank X\",\"url\":\"https:\/\/imagebank.staging.mediasignal.dev\/fi\/\",\"logo\":{\"@type\":\"ImageObject\",\"inLanguage\":\"fi\",\"@id\":\"https:\/\/imagebank.staging.mediasignal.dev\/fi\/#\/schema\/logo\/image\/\",\"url\":\"https:\/\/imagebank.staging.mediasignal.dev\/app\/uploads\/2025\/03\/cropped-favicon.png\",\"contentUrl\":\"https:\/\/imagebank.staging.mediasignal.dev\/app\/uploads\/2025\/03\/cropped-favicon.png\",\"width\":512,\"height\":512,\"caption\":\"ImageBank X\"},\"image\":{\"@id\":\"https:\/\/imagebank.staging.mediasignal.dev\/fi\/#\/schema\/logo\/image\/\"},\"sameAs\":[\"https:\/\/linkedin.com\/imagebank-independent\"]},{\"@type\":\"Person\",\"@id\":\"https:\/\/imagebank.staging.mediasignal.dev\/fi\/#\/schema\/person\/5d8b282cb7d90f7206de3f9f6b36de6a\",\"name\":\"mscadmin\",\"image\":{\"@type\":\"ImageObject\",\"inLanguage\":\"fi\",\"@id\":\"https:\/\/imagebank.staging.mediasignal.dev\/fi\/#\/schema\/person\/image\/\",\"url\":\"https:\/\/secure.gravatar.com\/avatar\/deca10238b1a8aad39b527f26cfe4ce4f9a8affad032c8141ae4471de5fc9fab?s=96&d=mm&r=g\",\"contentUrl\":\"https:\/\/secure.gravatar.com\/avatar\/deca10238b1a8aad39b527f26cfe4ce4f9a8affad032c8141ae4471de5fc9fab?s=96&d=mm&r=g\",\"caption\":\"mscadmin\"},\"sameAs\":[\"https:\/\/imagebank.staging.mediasignal.dev\/wp\"],\"url\":\"https:\/\/imagebank.staging.mediasignal.dev\/fi\/author\/mscadmin\/\"}]}<\/script>\n<!-- \/ Yoast SEO plugin. -->","yoast_head_json":{"title":"Mets\u00e4st\u00e4j\u00e4liitto - ImageBank X DAM","description":"ImageBank X -mediapankki tukee Mets\u00e4st\u00e4j\u00e4liiton viestint\u00e4\u00e4 ja vahvistaa sen n\u00e4kyvyytt\u00e4. Kaikki materiaalit keskitetysti yhdess\u00e4 paikassa.","robots":{"index":"index","follow":"follow","max-snippet":"max-snippet:-1","max-image-preview":"max-image-preview:large","max-video-preview":"max-video-preview:-1"},"canonical":"https:\/\/imagebank.staging.mediasignal.dev\/fi\/referenssit\/metsastajaliitto\/","og_locale":"fi_FI","og_type":"article","og_title":"Mets\u00e4st\u00e4j\u00e4liitto - ImageBank X DAM","og_description":"ImageBank X -mediapankki tukee Mets\u00e4st\u00e4j\u00e4liiton viestint\u00e4\u00e4 ja vahvistaa sen n\u00e4kyvyytt\u00e4. Kaikki materiaalit keskitetysti yhdess\u00e4 paikassa.","og_url":"https:\/\/imagebank.staging.mediasignal.dev\/fi\/referenssit\/metsastajaliitto\/","og_site_name":"ImageBank X DAM","article_published_time":"2025-06-12T08:12:03+00:00","article_modified_time":"2025-08-13T10:41:41+00:00","og_image":[{"width":2560,"height":1707,"url":"https:\/\/imagebank.staging.mediasignal.dev\/app\/uploads\/2025\/06\/Metsastajaliitto-scaled.jpg","type":"image\/jpeg"}],"author":"mscadmin","twitter_card":"summary_large_image","twitter_misc":{"Written by":"mscadmin","Est. reading time":"1 minute"},"schema":{"@context":"https:\/\/schema.org","@graph":[{"@type":"Article","@id":"https:\/\/imagebank.staging.mediasignal.dev\/fi\/referenssit\/metsastajaliitto\/#article","isPartOf":{"@id":"https:\/\/imagebank.staging.mediasignal.dev\/fi\/referenssit\/metsastajaliitto\/"},"author":{"name":"mscadmin","@id":"https:\/\/imagebank.staging.mediasignal.dev\/fi\/#\/schema\/person\/5d8b282cb7d90f7206de3f9f6b36de6a"},"headline":"Mets\u00e4st\u00e4j\u00e4liitto kokoaa yhteen mets\u00e4st\u00e4j\u00e4t ja vaalii kest\u00e4v\u00e4\u00e4 suomalaista er\u00e4kulttuuria","datePublished":"2025-06-12T08:12:03+00:00","dateModified":"2025-08-13T10:41:41+00:00","mainEntityOfPage":{"@id":"https:\/\/imagebank.staging.mediasignal.dev\/fi\/referenssit\/metsastajaliitto\/"},"wordCount":167,"commentCount":0,"publisher":{"@id":"https:\/\/imagebank.staging.mediasignal.dev\/fi\/#organization"},"image":{"@id":"https:\/\/imagebank.staging.mediasignal.dev\/fi\/referenssit\/metsastajaliitto\/#primaryimage"},"thumbnailUrl":"https:\/\/imagebank.staging.mediasignal.dev\/wp-content\/uploads\/2025\/06\/Metsastajaliitto-scaled.jpg","keywords":["Yhdistykset &amp; j\u00e4rjest\u00f6t"],"articleSection":["Referenssit"],"inLanguage":"fi","potentialAction":[{"@type":"CommentAction","name":"Comment","target":["https:\/\/imagebank.staging.mediasignal.dev\/fi\/referenssit\/metsastajaliitto\/#respond"]}]},{"@type":"WebPage","@id":"https:\/\/imagebank.staging.mediasignal.dev\/fi\/referenssit\/metsastajaliitto\/","url":"https:\/\/imagebank.staging.mediasignal.dev\/fi\/referenssit\/metsastajaliitto\/","name":"Mets\u00e4st\u00e4j\u00e4liitto - ImageBank X DAM","isPartOf":{"@id":"https:\/\/imagebank.staging.mediasignal.dev\/fi\/#website"},"primaryImageOfPage":{"@id":"https:\/\/imagebank.staging.mediasignal.dev\/fi\/referenssit\/metsastajaliitto\/#primaryimage"},"image":{"@id":"https:\/\/imagebank.staging.mediasignal.dev\/fi\/referenssit\/metsastajaliitto\/#primaryimage"},"thumbnailUrl":"https:\/\/imagebank.staging.mediasignal.dev\/wp-content\/uploads\/2025\/06\/Metsastajaliitto-scaled.jpg","datePublished":"2025-06-12T08:12:03+00:00","dateModified":"2025-08-13T10:41:41+00:00","description":"ImageBank X -mediapankki tukee Mets\u00e4st\u00e4j\u00e4liiton viestint\u00e4\u00e4 ja vahvistaa sen n\u00e4kyvyytt\u00e4. Kaikki materiaalit keskitetysti yhdess\u00e4 paikassa.","breadcrumb":{"@id":"https:\/\/imagebank.staging.mediasignal.dev\/fi\/referenssit\/metsastajaliitto\/#breadcrumb"},"inLanguage":"fi","potentialAction":[{"@type":"ReadAction","target":["https:\/\/imagebank.staging.mediasignal.dev\/fi\/referenssit\/metsastajaliitto\/"]}]},{"@type":"ImageObject","inLanguage":"fi","@id":"https:\/\/imagebank.staging.mediasignal.dev\/fi\/referenssit\/metsastajaliitto\/#primaryimage","url":"https:\/\/imagebank.staging.mediasignal.dev\/wp-content\/uploads\/2025\/06\/Metsastajaliitto-scaled.jpg","contentUrl":"https:\/\/imagebank.staging.mediasignal.dev\/wp-content\/uploads\/2025\/06\/Metsastajaliitto-scaled.jpg","width":2560,"height":1707,"caption":"Mets\u00e4st\u00e4ji\u00e4 nuotiolla. Mets\u00e4st\u00e4j\u00e4liiton talvimaisemassa otettuja br\u00e4ndikuvia, kuvissa esiintyv\u00e4t Antti Saarenmaa (parrakas mies), Ismo von Behr (vanhempi mies), Satu Koivulammi (keski-ik\u00e4inen nainen), Laura Helminen (nuori nainen) ja Voitto H\u00e4kkinen (nuori parraton mies)."},{"@type":"BreadcrumbList","@id":"https:\/\/imagebank.staging.mediasignal.dev\/fi\/referenssit\/metsastajaliitto\/#breadcrumb","itemListElement":[{"@type":"ListItem","position":1,"name":"Home","item":"https:\/\/imagebank.staging.mediasignal.dev\/fi\/"},{"@type":"ListItem","position":2,"name":"Mets\u00e4st\u00e4j\u00e4liitto kokoaa yhteen mets\u00e4st\u00e4j\u00e4t ja vaalii kest\u00e4v\u00e4\u00e4 suomalaista er\u00e4kulttuuria"}]},{"@type":"WebSite","@id":"https:\/\/imagebank.staging.mediasignal.dev\/fi\/#website","url":"https:\/\/imagebank.staging.mediasignal.dev\/fi\/","name":"ImageBank X","description":"","publisher":{"@id":"https:\/\/imagebank.staging.mediasignal.dev\/fi\/#organization"},"potentialAction":[{"@type":"SearchAction","target":{"@type":"EntryPoint","urlTemplate":"https:\/\/imagebank.staging.mediasignal.dev\/fi\/?s={search_term_string}"},"query-input":{"@type":"PropertyValueSpecification","valueRequired":true,"valueName":"search_term_string"}}],"inLanguage":"fi"},{"@type":"Organization","@id":"https:\/\/imagebank.staging.mediasignal.dev\/fi\/#organization","name":"ImageBank X","url":"https:\/\/imagebank.staging.mediasignal.dev\/fi\/","logo":{"@type":"ImageObject","inLanguage":"fi","@id":"https:\/\/imagebank.staging.mediasignal.dev\/fi\/#\/schema\/logo\/image\/","url":"https:\/\/imagebank.staging.mediasignal.dev\/app\/uploads\/2025\/03\/cropped-favicon.png","contentUrl":"https:\/\/imagebank.staging.mediasignal.dev\/app\/uploads\/2025\/03\/cropped-favicon.png","width":512,"height":512,"caption":"ImageBank X"},"image":{"@id":"https:\/\/imagebank.staging.mediasignal.dev\/fi\/#\/schema\/logo\/image\/"},"sameAs":["https:\/\/linkedin.com\/imagebank-independent"]},{"@type":"Person","@id":"https:\/\/imagebank.staging.mediasignal.dev\/fi\/#\/schema\/person\/5d8b282cb7d90f7206de3f9f6b36de6a","name":"mscadmin","image":{"@type":"ImageObject","inLanguage":"fi","@id":"https:\/\/imagebank.staging.mediasignal.dev\/fi\/#\/schema\/person\/image\/","url":"https:\/\/secure.gravatar.com\/avatar\/deca10238b1a8aad39b527f26cfe4ce4f9a8affad032c8141ae4471de5fc9fab?s=96&d=mm&r=g","contentUrl":"https:\/\/secure.gravatar.com\/avatar\/deca10238b1a8aad39b527f26cfe4ce4f9a8affad032c8141ae4471de5fc9fab?s=96&d=mm&r=g","caption":"mscadmin"},"sameAs":["https:\/\/imagebank.staging.mediasignal.dev\/wp"],"url":"https:\/\/imagebank.staging.mediasignal.dev\/fi\/author\/mscadmin\/"}]}},"_links":{"self":[{"href":"https:\/\/imagebank.staging.mediasignal.dev\/fi\/wp-json\/wp\/v2\/posts\/8144","targetHints":{"allow":["GET"]}}],"collection":[{"href":"https:\/\/imagebank.staging.mediasignal.dev\/fi\/wp-json\/wp\/v2\/posts"}],"about":[{"href":"https:\/\/imagebank.staging.mediasignal.dev\/fi\/wp-json\/wp\/v2\/types\/post"}],"author":[{"embeddable":true,"href":"https:\/\/imagebank.staging.mediasignal.dev\/fi\/wp-json\/wp\/v2\/users\/1"}],"replies":[{"embeddable":true,"href":"https:\/\/imagebank.staging.mediasignal.dev\/fi\/wp-json\/wp\/v2\/comments?post=8144"}],"version-history":[{"count":6,"href":"https:\/\/imagebank.staging.mediasignal.dev\/fi\/wp-json\/wp\/v2\/posts\/8144\/revisions"}],"predecessor-version":[{"id":9147,"href":"https:\/\/imagebank.staging.mediasignal.dev\/fi\/wp-json\/wp\/v2\/posts\/8144\/revisions\/9147"}],"wp:featuredmedia":[{"embeddable":true,"href":"https:\/\/imagebank.staging.mediasignal.dev\/fi\/wp-json\/wp\/v2\/media\/9023"}],"wp:attachment":[{"href":"https:\/\/imagebank.staging.mediasignal.dev\/fi\/wp-json\/wp\/v2\/media?parent=8144"}],"wp:term":[{"taxonomy":"category","embeddable":true,"href":"https:\/\/imagebank.staging.mediasignal.dev\/fi\/wp-json\/wp\/v2\/categories?post=8144"},{"taxonomy":"post_tag","embeddable":true,"href":"https:\/\/imagebank.staging.mediasignal.dev\/fi\/wp-json\/wp\/v2\/tags?post=8144"},{"taxonomy":"reference-sizes","embeddable":true,"href":"https:\/\/imagebank.staging.mediasignal.dev\/fi\/wp-json\/wp\/v2\/reference-sizes?post=8144"},{"taxonomy":"reference-industries","embeddable":true,"href":"https:\/\/imagebank.staging.mediasignal.dev\/fi\/wp-json\/wp\/v2\/reference-industries?post=8144"}],"curies":[{"name":"wp","href":"https:\/\/api.w.org\/{rel}","templated":true}]}}